{"id":775,"date":"2019-12-10T09:03:06","date_gmt":"2019-12-10T09:03:06","guid":{"rendered":"http:\/\/raumsequenz.de\/?p=775"},"modified":"2024-08-14T08:11:03","modified_gmt":"2024-08-14T08:11:03","slug":"stadtvision-ii-roofbar","status":"publish","type":"post","link":"http:\/\/raumsequenz.de\/category\/aktuell\/stadtvision-ii-roofbar\/","title":{"rendered":"stadtvision II \/ roofbar"},"content":{"rendered":"\n<p><br><strong>these:<\/strong> eine beachbar auf dem dach der galeria (karstadt).<br><\/p>\n\n\n\n<p><br><strong>vision:<\/strong>  im sommer unter einem sonnenschirm auf einem liegestuhl liegen, die f\u00fc\u00dfe im sand vergraben, einen cocktail schl\u00fcrfen und dabei den blick \u00fcber das d\u00e4chermeer der wundersch\u00f6nen memminger altstadt schweifen lassen. <br><\/p>\n\n\n\n<p><br><strong>argument:<\/strong>  eine kreative konzept-bar auf dem dach der galeria bringt neue akzente in die memminger gastronomie und das nachtleben. auf einem teil des parkdecks kann eine strandbar entstehen, die urlaubsstimmung in sch\u00f6nste stadt des allg\u00e4us bringt. das \u201esonnendeck\u201c in augsburg zeigt, dass dieses konzept funktioniert und sehr gut angenommen wird: <a href=\"https:\/\/www.sonnendeck-augsburg.de\">https:\/\/www.sonnendeck-augsburg.de<\/a><br><br>&#8211;<\/p>\n\n\n\n<p><\/p>\n\n\n\n<figure class=\"wp-block-gallery columns-2 is-cropped wp-block-gallery-1 is-layout-flex wp-block-gallery-is-layout-flex\"><ul class=\"blocks-gallery-grid\"><li class=\"blocks-gallery-item\"><figure><img loading=\"lazy\" decoding=\"async\" width=\"800\" height=\"530\" src=\"http:\/\/raumsequenz.de\/wp-content\/uploads\/2019\/12\/sonnendeck_augsburg.jpg\" alt=\"\" data-id=\"801\" data-full-url=\"http:\/\/raumsequenz.de\/wp-content\/uploads\/2019\/12\/sonnendeck_augsburg.jpg\" data-link=\"http:\/\/raumsequenz.de\/stadtvision-ii-roofbar\/sonnendeck_augsburg\/\" class=\"wp-image-801\" srcset=\"http:\/\/raumsequenz.de\/wp-content\/uploads\/2019\/12\/sonnendeck_augsburg.jpg 800w, http:\/\/raumsequenz.de\/wp-content\/uploads\/2019\/12\/sonnendeck_augsburg-300x199.jpg 300w, http:\/\/raumsequenz.de\/wp-content\/uploads\/2019\/12\/sonnendeck_augsburg-768x509.jpg 768w, http:\/\/raumsequenz.de\/wp-content\/uploads\/2019\/12\/sonnendeck_augsburg-600x398.jpg 600w\" sizes=\"auto, (max-width: 800px) 100vw, 800px\" \/><figcaption class=\"blocks-gallery-item__caption\"><em>bildquelle: pinterest.de<\/em><\/figcaption><\/figure><\/li><li class=\"blocks-gallery-item\"><figure><img loading=\"lazy\" decoding=\"async\" width=\"940\" height=\"600\" src=\"http:\/\/raumsequenz.de\/wp-content\/uploads\/2019\/12\/sonnendeck_luftbild.jpg\" alt=\"\" data-id=\"802\" data-full-url=\"http:\/\/raumsequenz.de\/wp-content\/uploads\/2019\/12\/sonnendeck_luftbild.jpg\" data-link=\"http:\/\/raumsequenz.de\/stadtvision-ii-roofbar\/sonnendeck_luftbild\/\" class=\"wp-image-802\" srcset=\"http:\/\/raumsequenz.de\/wp-content\/uploads\/2019\/12\/sonnendeck_luftbild.jpg 940w, http:\/\/raumsequenz.de\/wp-content\/uploads\/2019\/12\/sonnendeck_luftbild-300x191.jpg 300w, http:\/\/raumsequenz.de\/wp-content\/uploads\/2019\/12\/sonnendeck_luftbild-768x490.jpg 768w, http:\/\/raumsequenz.de\/wp-content\/uploads\/2019\/12\/sonnendeck_luftbild-600x383.jpg 600w\" sizes=\"auto, (max-width: 940px) 100vw, 940px\" \/><figcaption class=\"blocks-gallery-item__caption\"><em>bildquelle: sonnendeck-augsburg.de<\/em><\/figcaption><\/figure><\/li><\/ul><\/figure>\n","protected":false},"excerpt":{"rendered":"<p>12\/2019 \/ der erste sandstrand im allg\u00e4u<\/p>\n","protected":false},"author":1,"featured_media":969,"comment_status":"open","ping_status":"open","sticky":false,"template":"","format":"standard","meta":{"footnotes":""},"categories":[1],"tags":[34,12,33,35,23,28,31],"class_list":["post-775","post","type-post","status-publish","format-standard","has-post-thumbnail","hentry","category-uncategorized","tag-architekt","tag-architektur","tag-bar","tag-club","tag-memmingen","tag-stadtplanung","tag-stadtvision"],"yoast_head":"<!-- This site is optimized with the Yoast SEO plugin v27.5 - https:\/\/yoast.com\/product\/yoast-seo-wordpress\/ -->\n<title>stadtvision II \/ roofbar - raumsequenz.de<\/title>\n<meta name=\"description\" content=\"b\u00fcro f\u00fcr architektur und stadtplanung in memmingen\" \/>\n<meta name=\"robots\" content=\"index, follow, max-snippet:-1, max-image-preview:large, max-video-preview:-1\" \/>\n<link rel=\"canonical\" href=\"http:\/\/raumsequenz.de\/category\/aktuell\/stadtvision-ii-roofbar\/\" \/>\n<meta property=\"og:locale\" content=\"de_DE\" \/>\n<meta property=\"og:type\" content=\"article\" \/>\n<meta property=\"og:title\" content=\"stadtvision II \/ roofbar - raumsequenz.de\" \/>\n<meta property=\"og:description\" content=\"b\u00fcro f\u00fcr architektur und stadtplanung in memmingen\" \/>\n<meta property=\"og:url\" content=\"http:\/\/raumsequenz.de\/category\/aktuell\/stadtvision-ii-roofbar\/\" \/>\n<meta property=\"og:site_name\" content=\"raumsequenz.de\" \/>\n<meta property=\"article:published_time\" content=\"2019-12-10T09:03:06+00:00\" \/>\n<meta property=\"article:modified_time\" content=\"2024-08-14T08:11:03+00:00\" \/>\n<meta property=\"og:image\" content=\"http:\/\/raumsequenz.de\/wp-content\/uploads\/2020\/01\/200108_SPD-Plakat_bunt_2-scaled.jpg\" \/>\n\t<meta property=\"og:image:width\" content=\"1811\" \/>\n\t<meta property=\"og:image:height\" content=\"2560\" \/>\n\t<meta property=\"og:image:type\" content=\"image\/jpeg\" \/>\n<meta name=\"author\" content=\"raumsequenz\" \/>\n<meta name=\"twitter:card\" content=\"summary_large_image\" \/>\n<meta name=\"twitter:label1\" content=\"Verfasst von\" \/>\n\t<meta name=\"twitter:data1\" content=\"raumsequenz\" \/>\n\t<meta name=\"twitter:label2\" content=\"Gesch\u00e4tzte Lesezeit\" \/>\n\t<meta name=\"twitter:data2\" content=\"1\u00a0Minute\" \/>\n<script type=\"application\/ld+json\" class=\"yoast-schema-graph\">{\"@context\":\"https:\\\/\\\/schema.org\",\"@graph\":[{\"@type\":\"Article\",\"@id\":\"http:\\\/\\\/raumsequenz.de\\\/category\\\/aktuell\\\/stadtvision-ii-roofbar\\\/#article\",\"isPartOf\":{\"@id\":\"http:\\\/\\\/raumsequenz.de\\\/category\\\/aktuell\\\/stadtvision-ii-roofbar\\\/\"},\"author\":{\"name\":\"raumsequenz\",\"@id\":\"http:\\\/\\\/raumsequenz.de\\\/category\\\/aktuell\\\/#\\\/schema\\\/person\\\/e06153d63a8e6ce6bb8f8f05311571a2\"},\"headline\":\"stadtvision II \\\/ roofbar\",\"datePublished\":\"2019-12-10T09:03:06+00:00\",\"dateModified\":\"2024-08-14T08:11:03+00:00\",\"mainEntityOfPage\":{\"@id\":\"http:\\\/\\\/raumsequenz.de\\\/category\\\/aktuell\\\/stadtvision-ii-roofbar\\\/\"},\"wordCount\":110,\"commentCount\":0,\"publisher\":{\"@id\":\"http:\\\/\\\/raumsequenz.de\\\/category\\\/aktuell\\\/#organization\"},\"image\":{\"@id\":\"http:\\\/\\\/raumsequenz.de\\\/category\\\/aktuell\\\/stadtvision-ii-roofbar\\\/#primaryimage\"},\"thumbnailUrl\":\"http:\\\/\\\/raumsequenz.de\\\/wp-content\\\/uploads\\\/2020\\\/01\\\/200108_SPD-Plakat_bunt_2-scaled.jpg\",\"keywords\":[\"architekt\",\"architektur\",\"bar\",\"club\",\"memmingen\",\"stadtplanung\",\"stadtvision\"],\"articleSection\":[\"Uncategorized\"],\"inLanguage\":\"de\",\"potentialAction\":[{\"@type\":\"CommentAction\",\"name\":\"Comment\",\"target\":[\"http:\\\/\\\/raumsequenz.de\\\/category\\\/aktuell\\\/stadtvision-ii-roofbar\\\/#respond\"]}]},{\"@type\":\"WebPage\",\"@id\":\"http:\\\/\\\/raumsequenz.de\\\/category\\\/aktuell\\\/stadtvision-ii-roofbar\\\/\",\"url\":\"http:\\\/\\\/raumsequenz.de\\\/category\\\/aktuell\\\/stadtvision-ii-roofbar\\\/\",\"name\":\"stadtvision II \\\/ roofbar - raumsequenz.de\",\"isPartOf\":{\"@id\":\"http:\\\/\\\/raumsequenz.de\\\/category\\\/aktuell\\\/#website\"},\"primaryImageOfPage\":{\"@id\":\"http:\\\/\\\/raumsequenz.de\\\/category\\\/aktuell\\\/stadtvision-ii-roofbar\\\/#primaryimage\"},\"image\":{\"@id\":\"http:\\\/\\\/raumsequenz.de\\\/category\\\/aktuell\\\/stadtvision-ii-roofbar\\\/#primaryimage\"},\"thumbnailUrl\":\"http:\\\/\\\/raumsequenz.de\\\/wp-content\\\/uploads\\\/2020\\\/01\\\/200108_SPD-Plakat_bunt_2-scaled.jpg\",\"datePublished\":\"2019-12-10T09:03:06+00:00\",\"dateModified\":\"2024-08-14T08:11:03+00:00\",\"description\":\"b\u00fcro f\u00fcr architektur und stadtplanung in memmingen\",\"breadcrumb\":{\"@id\":\"http:\\\/\\\/raumsequenz.de\\\/category\\\/aktuell\\\/stadtvision-ii-roofbar\\\/#breadcrumb\"},\"inLanguage\":\"de\",\"potentialAction\":[{\"@type\":\"ReadAction\",\"target\":[\"http:\\\/\\\/raumsequenz.de\\\/category\\\/aktuell\\\/stadtvision-ii-roofbar\\\/\"]}]},{\"@type\":\"ImageObject\",\"inLanguage\":\"de\",\"@id\":\"http:\\\/\\\/raumsequenz.de\\\/category\\\/aktuell\\\/stadtvision-ii-roofbar\\\/#primaryimage\",\"url\":\"http:\\\/\\\/raumsequenz.de\\\/wp-content\\\/uploads\\\/2020\\\/01\\\/200108_SPD-Plakat_bunt_2-scaled.jpg\",\"contentUrl\":\"http:\\\/\\\/raumsequenz.de\\\/wp-content\\\/uploads\\\/2020\\\/01\\\/200108_SPD-Plakat_bunt_2-scaled.jpg\",\"width\":1811,\"height\":2560},{\"@type\":\"BreadcrumbList\",\"@id\":\"http:\\\/\\\/raumsequenz.de\\\/category\\\/aktuell\\\/stadtvision-ii-roofbar\\\/#breadcrumb\",\"itemListElement\":[{\"@type\":\"ListItem\",\"position\":1,\"name\":\"Startseite\",\"item\":\"http:\\\/\\\/raumsequenz.de\\\/category\\\/aktuell\\\/\"},{\"@type\":\"ListItem\",\"position\":2,\"name\":\"stadtvision II \\\/ roofbar\"}]},{\"@type\":\"WebSite\",\"@id\":\"http:\\\/\\\/raumsequenz.de\\\/category\\\/aktuell\\\/#website\",\"url\":\"http:\\\/\\\/raumsequenz.de\\\/category\\\/aktuell\\\/\",\"name\":\"raumsequenz.de\",\"description\":\"\",\"publisher\":{\"@id\":\"http:\\\/\\\/raumsequenz.de\\\/category\\\/aktuell\\\/#organization\"},\"potentialAction\":[{\"@type\":\"SearchAction\",\"target\":{\"@type\":\"EntryPoint\",\"urlTemplate\":\"http:\\\/\\\/raumsequenz.de\\\/category\\\/aktuell\\\/?s={search_term_string}\"},\"query-input\":{\"@type\":\"PropertyValueSpecification\",\"valueRequired\":true,\"valueName\":\"search_term_string\"}}],\"inLanguage\":\"de\"},{\"@type\":\"Organization\",\"@id\":\"http:\\\/\\\/raumsequenz.de\\\/category\\\/aktuell\\\/#organization\",\"name\":\"raumsequenz\",\"url\":\"http:\\\/\\\/raumsequenz.de\\\/category\\\/aktuell\\\/\",\"logo\":{\"@type\":\"ImageObject\",\"inLanguage\":\"de\",\"@id\":\"http:\\\/\\\/raumsequenz.de\\\/category\\\/aktuell\\\/#\\\/schema\\\/logo\\\/image\\\/\",\"url\":\"http:\\\/\\\/raumsequenz.de\\\/wp-content\\\/uploads\\\/2019\\\/01\\\/logo_.jpg\",\"contentUrl\":\"http:\\\/\\\/raumsequenz.de\\\/wp-content\\\/uploads\\\/2019\\\/01\\\/logo_.jpg\",\"width\":300,\"height\":65,\"caption\":\"raumsequenz\"},\"image\":{\"@id\":\"http:\\\/\\\/raumsequenz.de\\\/category\\\/aktuell\\\/#\\\/schema\\\/logo\\\/image\\\/\"}},{\"@type\":\"Person\",\"@id\":\"http:\\\/\\\/raumsequenz.de\\\/category\\\/aktuell\\\/#\\\/schema\\\/person\\\/e06153d63a8e6ce6bb8f8f05311571a2\",\"name\":\"raumsequenz\",\"image\":{\"@type\":\"ImageObject\",\"inLanguage\":\"de\",\"@id\":\"https:\\\/\\\/secure.gravatar.com\\\/avatar\\\/49f1a72854cc8cde77bb583d3adff3fa5ffe8da2ddcab726c5c2163c60cd7120?s=96&d=mm&r=g\",\"url\":\"https:\\\/\\\/secure.gravatar.com\\\/avatar\\\/49f1a72854cc8cde77bb583d3adff3fa5ffe8da2ddcab726c5c2163c60cd7120?s=96&d=mm&r=g\",\"contentUrl\":\"https:\\\/\\\/secure.gravatar.com\\\/avatar\\\/49f1a72854cc8cde77bb583d3adff3fa5ffe8da2ddcab726c5c2163c60cd7120?s=96&d=mm&r=g\",\"caption\":\"raumsequenz\"},\"url\":\"http:\\\/\\\/raumsequenz.de\\\/category\\\/aktuell\\\/author\\\/raumsequenz\\\/\"}]}<\/script>\n<!-- \/ Yoast SEO plugin. -->","yoast_head_json":{"title":"stadtvision II \/ roofbar - raumsequenz.de","description":"b\u00fcro f\u00fcr architektur und stadtplanung in memmingen","robots":{"index":"index","follow":"follow","max-snippet":"max-snippet:-1","max-image-preview":"max-image-preview:large","max-video-preview":"max-video-preview:-1"},"canonical":"http:\/\/raumsequenz.de\/category\/aktuell\/stadtvision-ii-roofbar\/","og_locale":"de_DE","og_type":"article","og_title":"stadtvision II \/ roofbar - raumsequenz.de","og_description":"b\u00fcro f\u00fcr architektur und stadtplanung in memmingen","og_url":"http:\/\/raumsequenz.de\/category\/aktuell\/stadtvision-ii-roofbar\/","og_site_name":"raumsequenz.de","article_published_time":"2019-12-10T09:03:06+00:00","article_modified_time":"2024-08-14T08:11:03+00:00","og_image":[{"width":1811,"height":2560,"url":"http:\/\/raumsequenz.de\/wp-content\/uploads\/2020\/01\/200108_SPD-Plakat_bunt_2-scaled.jpg","type":"image\/jpeg"}],"author":"raumsequenz","twitter_card":"summary_large_image","twitter_misc":{"Verfasst von":"raumsequenz","Gesch\u00e4tzte Lesezeit":"1\u00a0Minute"},"schema":{"@context":"https:\/\/schema.org","@graph":[{"@type":"Article","@id":"http:\/\/raumsequenz.de\/category\/aktuell\/stadtvision-ii-roofbar\/#article","isPartOf":{"@id":"http:\/\/raumsequenz.de\/category\/aktuell\/stadtvision-ii-roofbar\/"},"author":{"name":"raumsequenz","@id":"http:\/\/raumsequenz.de\/category\/aktuell\/#\/schema\/person\/e06153d63a8e6ce6bb8f8f05311571a2"},"headline":"stadtvision II \/ roofbar","datePublished":"2019-12-10T09:03:06+00:00","dateModified":"2024-08-14T08:11:03+00:00","mainEntityOfPage":{"@id":"http:\/\/raumsequenz.de\/category\/aktuell\/stadtvision-ii-roofbar\/"},"wordCount":110,"commentCount":0,"publisher":{"@id":"http:\/\/raumsequenz.de\/category\/aktuell\/#organization"},"image":{"@id":"http:\/\/raumsequenz.de\/category\/aktuell\/stadtvision-ii-roofbar\/#primaryimage"},"thumbnailUrl":"http:\/\/raumsequenz.de\/wp-content\/uploads\/2020\/01\/200108_SPD-Plakat_bunt_2-scaled.jpg","keywords":["architekt","architektur","bar","club","memmingen","stadtplanung","stadtvision"],"articleSection":["Uncategorized"],"inLanguage":"de","potentialAction":[{"@type":"CommentAction","name":"Comment","target":["http:\/\/raumsequenz.de\/category\/aktuell\/stadtvision-ii-roofbar\/#respond"]}]},{"@type":"WebPage","@id":"http:\/\/raumsequenz.de\/category\/aktuell\/stadtvision-ii-roofbar\/","url":"http:\/\/raumsequenz.de\/category\/aktuell\/stadtvision-ii-roofbar\/","name":"stadtvision II \/ roofbar - raumsequenz.de","isPartOf":{"@id":"http:\/\/raumsequenz.de\/category\/aktuell\/#website"},"primaryImageOfPage":{"@id":"http:\/\/raumsequenz.de\/category\/aktuell\/stadtvision-ii-roofbar\/#primaryimage"},"image":{"@id":"http:\/\/raumsequenz.de\/category\/aktuell\/stadtvision-ii-roofbar\/#primaryimage"},"thumbnailUrl":"http:\/\/raumsequenz.de\/wp-content\/uploads\/2020\/01\/200108_SPD-Plakat_bunt_2-scaled.jpg","datePublished":"2019-12-10T09:03:06+00:00","dateModified":"2024-08-14T08:11:03+00:00","description":"b\u00fcro f\u00fcr architektur und stadtplanung in memmingen","breadcrumb":{"@id":"http:\/\/raumsequenz.de\/category\/aktuell\/stadtvision-ii-roofbar\/#breadcrumb"},"inLanguage":"de","potentialAction":[{"@type":"ReadAction","target":["http:\/\/raumsequenz.de\/category\/aktuell\/stadtvision-ii-roofbar\/"]}]},{"@type":"ImageObject","inLanguage":"de","@id":"http:\/\/raumsequenz.de\/category\/aktuell\/stadtvision-ii-roofbar\/#primaryimage","url":"http:\/\/raumsequenz.de\/wp-content\/uploads\/2020\/01\/200108_SPD-Plakat_bunt_2-scaled.jpg","contentUrl":"http:\/\/raumsequenz.de\/wp-content\/uploads\/2020\/01\/200108_SPD-Plakat_bunt_2-scaled.jpg","width":1811,"height":2560},{"@type":"BreadcrumbList","@id":"http:\/\/raumsequenz.de\/category\/aktuell\/stadtvision-ii-roofbar\/#breadcrumb","itemListElement":[{"@type":"ListItem","position":1,"name":"Startseite","item":"http:\/\/raumsequenz.de\/category\/aktuell\/"},{"@type":"ListItem","position":2,"name":"stadtvision II \/ roofbar"}]},{"@type":"WebSite","@id":"http:\/\/raumsequenz.de\/category\/aktuell\/#website","url":"http:\/\/raumsequenz.de\/category\/aktuell\/","name":"raumsequenz.de","description":"","publisher":{"@id":"http:\/\/raumsequenz.de\/category\/aktuell\/#organization"},"potentialAction":[{"@type":"SearchAction","target":{"@type":"EntryPoint","urlTemplate":"http:\/\/raumsequenz.de\/category\/aktuell\/?s={search_term_string}"},"query-input":{"@type":"PropertyValueSpecification","valueRequired":true,"valueName":"search_term_string"}}],"inLanguage":"de"},{"@type":"Organization","@id":"http:\/\/raumsequenz.de\/category\/aktuell\/#organization","name":"raumsequenz","url":"http:\/\/raumsequenz.de\/category\/aktuell\/","logo":{"@type":"ImageObject","inLanguage":"de","@id":"http:\/\/raumsequenz.de\/category\/aktuell\/#\/schema\/logo\/image\/","url":"http:\/\/raumsequenz.de\/wp-content\/uploads\/2019\/01\/logo_.jpg","contentUrl":"http:\/\/raumsequenz.de\/wp-content\/uploads\/2019\/01\/logo_.jpg","width":300,"height":65,"caption":"raumsequenz"},"image":{"@id":"http:\/\/raumsequenz.de\/category\/aktuell\/#\/schema\/logo\/image\/"}},{"@type":"Person","@id":"http:\/\/raumsequenz.de\/category\/aktuell\/#\/schema\/person\/e06153d63a8e6ce6bb8f8f05311571a2","name":"raumsequenz","image":{"@type":"ImageObject","inLanguage":"de","@id":"https:\/\/secure.gravatar.com\/avatar\/49f1a72854cc8cde77bb583d3adff3fa5ffe8da2ddcab726c5c2163c60cd7120?s=96&d=mm&r=g","url":"https:\/\/secure.gravatar.com\/avatar\/49f1a72854cc8cde77bb583d3adff3fa5ffe8da2ddcab726c5c2163c60cd7120?s=96&d=mm&r=g","contentUrl":"https:\/\/secure.gravatar.com\/avatar\/49f1a72854cc8cde77bb583d3adff3fa5ffe8da2ddcab726c5c2163c60cd7120?s=96&d=mm&r=g","caption":"raumsequenz"},"url":"http:\/\/raumsequenz.de\/category\/aktuell\/author\/raumsequenz\/"}]}},"_links":{"self":[{"href":"http:\/\/raumsequenz.de\/category\/aktuell\/wp-json\/wp\/v2\/posts\/775","targetHints":{"allow":["GET"]}}],"collection":[{"href":"http:\/\/raumsequenz.de\/category\/aktuell\/wp-json\/wp\/v2\/posts"}],"about":[{"href":"http:\/\/raumsequenz.de\/category\/aktuell\/wp-json\/wp\/v2\/types\/post"}],"author":[{"embeddable":true,"href":"http:\/\/raumsequenz.de\/category\/aktuell\/wp-json\/wp\/v2\/users\/1"}],"replies":[{"embeddable":true,"href":"http:\/\/raumsequenz.de\/category\/aktuell\/wp-json\/wp\/v2\/comments?post=775"}],"version-history":[{"count":20,"href":"http:\/\/raumsequenz.de\/category\/aktuell\/wp-json\/wp\/v2\/posts\/775\/revisions"}],"predecessor-version":[{"id":1095,"href":"http:\/\/raumsequenz.de\/category\/aktuell\/wp-json\/wp\/v2\/posts\/775\/revisions\/1095"}],"wp:featuredmedia":[{"embeddable":true,"href":"http:\/\/raumsequenz.de\/category\/aktuell\/wp-json\/wp\/v2\/media\/969"}],"wp:attachment":[{"href":"http:\/\/raumsequenz.de\/category\/aktuell\/wp-json\/wp\/v2\/media?parent=775"}],"wp:term":[{"taxonomy":"category","embeddable":true,"href":"http:\/\/raumsequenz.de\/category\/aktuell\/wp-json\/wp\/v2\/categories?post=775"},{"taxonomy":"post_tag","embeddable":true,"href":"http:\/\/raumsequenz.de\/category\/aktuell\/wp-json\/wp\/v2\/tags?post=775"}],"curies":[{"name":"wp","href":"https:\/\/api.w.org\/{rel}","templated":true}]}}