{"id":1331,"date":"2021-03-04T10:49:58","date_gmt":"2021-03-04T10:49:58","guid":{"rendered":"http:\/\/raumsequenz.de\/?p=1331"},"modified":"2023-12-13T09:33:17","modified_gmt":"2023-12-13T09:33:17","slug":"selberbauen","status":"publish","type":"post","link":"http:\/\/raumsequenz.de\/category\/aktuell\/selberbauen\/","title":{"rendered":"selberbauen!"},"content":{"rendered":"\n<p>03\/21 raumsequenz plant und entwickelt als gesellschafter der 3Hmm immobilien gmbh gemeinsam mit elias h\u00e4nsler und adrian h\u00f6rnle ein spannendes konversionsgrundst\u00fcck unmittelbar am altstadtring in memmingen \u2013 erste h\u00fcrde (gestaltungsbeirat) gut bestanden! im herbst wird abgebrochen und ausgehoben \u2013 n\u00e4heres bald unter: <a href=\"http:\/\/www.3Hmm.de\">www.3Hmm.de<\/a><\/p>\n\n\n\n<figure class=\"wp-block-image size-large\"><img loading=\"lazy\" decoding=\"async\" width=\"1024\" height=\"579\" src=\"http:\/\/raumsequenz.de\/wp-content\/uploads\/2021\/03\/651C41B8-3FFB-407C-8F7D-19C74DA7FF7C_1_201_a-1024x579.jpeg\" alt=\"\" class=\"wp-image-1336\" srcset=\"http:\/\/raumsequenz.de\/wp-content\/uploads\/2021\/03\/651C41B8-3FFB-407C-8F7D-19C74DA7FF7C_1_201_a-1024x579.jpeg 1024w, http:\/\/raumsequenz.de\/wp-content\/uploads\/2021\/03\/651C41B8-3FFB-407C-8F7D-19C74DA7FF7C_1_201_a-300x170.jpeg 300w, http:\/\/raumsequenz.de\/wp-content\/uploads\/2021\/03\/651C41B8-3FFB-407C-8F7D-19C74DA7FF7C_1_201_a-768x434.jpeg 768w, http:\/\/raumsequenz.de\/wp-content\/uploads\/2021\/03\/651C41B8-3FFB-407C-8F7D-19C74DA7FF7C_1_201_a-600x339.jpeg 600w, http:\/\/raumsequenz.de\/wp-content\/uploads\/2021\/03\/651C41B8-3FFB-407C-8F7D-19C74DA7FF7C_1_201_a.jpeg 1280w\" sizes=\"auto, (max-width: 1024px) 100vw, 1024px\" \/><\/figure>\n\n\n\n<figure class=\"wp-block-image size-large\"><img loading=\"lazy\" decoding=\"async\" width=\"1024\" height=\"715\" src=\"http:\/\/raumsequenz.de\/wp-content\/uploads\/2021\/03\/EEE8C331-EBAA-466F-9FFA-468CFAF7A01D_1_201_a-1024x715.jpeg\" alt=\"\" class=\"wp-image-1364\" srcset=\"http:\/\/raumsequenz.de\/wp-content\/uploads\/2021\/03\/EEE8C331-EBAA-466F-9FFA-468CFAF7A01D_1_201_a-1024x715.jpeg 1024w, http:\/\/raumsequenz.de\/wp-content\/uploads\/2021\/03\/EEE8C331-EBAA-466F-9FFA-468CFAF7A01D_1_201_a-300x210.jpeg 300w, http:\/\/raumsequenz.de\/wp-content\/uploads\/2021\/03\/EEE8C331-EBAA-466F-9FFA-468CFAF7A01D_1_201_a-768x536.jpeg 768w, http:\/\/raumsequenz.de\/wp-content\/uploads\/2021\/03\/EEE8C331-EBAA-466F-9FFA-468CFAF7A01D_1_201_a-1536x1073.jpeg 1536w, http:\/\/raumsequenz.de\/wp-content\/uploads\/2021\/03\/EEE8C331-EBAA-466F-9FFA-468CFAF7A01D_1_201_a-2048x1430.jpeg 2048w, http:\/\/raumsequenz.de\/wp-content\/uploads\/2021\/03\/EEE8C331-EBAA-466F-9FFA-468CFAF7A01D_1_201_a-600x419.jpeg 600w\" sizes=\"auto, (max-width: 1024px) 100vw, 1024px\" \/><\/figure>\n","protected":false},"excerpt":{"rendered":"<p>neubau mehrfamilienhaus am altstadtring in memmingen<\/p>\n","protected":false},"author":1,"featured_media":1333,"comment_status":"closed","ping_status":"open","sticky":false,"template":"","format":"standard","meta":{"footnotes":""},"categories":[16,8],"tags":[12,23,70],"class_list":["post-1331","post","type-post","status-publish","format-standard","has-post-thumbnail","hentry","category-aktuell","category-architektur","tag-architektur","tag-memmingen","tag-memmingenarchitekt"],"yoast_head":"<!-- This site is optimized with the Yoast SEO plugin v27.4 - https:\/\/yoast.com\/product\/yoast-seo-wordpress\/ -->\n<title>selberbauen! - raumsequenz.de<\/title>\n<meta name=\"description\" content=\"b\u00fcro f\u00fcr architektur und stadtplanung in memmingen\" \/>\n<meta name=\"robots\" content=\"index, follow, max-snippet:-1, max-image-preview:large, max-video-preview:-1\" \/>\n<link rel=\"canonical\" href=\"http:\/\/raumsequenz.de\/category\/aktuell\/selberbauen\/\" \/>\n<meta property=\"og:locale\" content=\"de_DE\" \/>\n<meta property=\"og:type\" content=\"article\" \/>\n<meta property=\"og:title\" content=\"selberbauen! - raumsequenz.de\" \/>\n<meta property=\"og:description\" content=\"b\u00fcro f\u00fcr architektur und stadtplanung in memmingen\" \/>\n<meta property=\"og:url\" content=\"http:\/\/raumsequenz.de\/category\/aktuell\/selberbauen\/\" \/>\n<meta property=\"og:site_name\" content=\"raumsequenz.de\" \/>\n<meta property=\"article:published_time\" content=\"2021-03-04T10:49:58+00:00\" \/>\n<meta property=\"article:modified_time\" content=\"2023-12-13T09:33:17+00:00\" \/>\n<meta property=\"og:image\" content=\"http:\/\/raumsequenz.de\/wp-content\/uploads\/2021\/03\/95185619-D2E2-4CA6-85FF-41F639EAF0D9_1_201_a-scaled.jpeg\" \/>\n\t<meta property=\"og:image:width\" content=\"2560\" \/>\n\t<meta property=\"og:image:height\" content=\"1584\" \/>\n\t<meta property=\"og:image:type\" content=\"image\/jpeg\" \/>\n<meta name=\"author\" content=\"raumsequenz\" \/>\n<meta name=\"twitter:card\" content=\"summary_large_image\" \/>\n<meta name=\"twitter:label1\" content=\"Verfasst von\" \/>\n\t<meta name=\"twitter:data1\" content=\"raumsequenz\" \/>\n\t<meta name=\"twitter:label2\" content=\"Gesch\u00e4tzte Lesezeit\" \/>\n\t<meta name=\"twitter:data2\" content=\"1\u00a0Minute\" \/>\n<script type=\"application\/ld+json\" class=\"yoast-schema-graph\">{\"@context\":\"https:\\\/\\\/schema.org\",\"@graph\":[{\"@type\":\"Article\",\"@id\":\"http:\\\/\\\/raumsequenz.de\\\/category\\\/aktuell\\\/selberbauen\\\/#article\",\"isPartOf\":{\"@id\":\"http:\\\/\\\/raumsequenz.de\\\/category\\\/aktuell\\\/selberbauen\\\/\"},\"author\":{\"name\":\"raumsequenz\",\"@id\":\"http:\\\/\\\/raumsequenz.de\\\/category\\\/aktuell\\\/#\\\/schema\\\/person\\\/e06153d63a8e6ce6bb8f8f05311571a2\"},\"headline\":\"selberbauen!\",\"datePublished\":\"2021-03-04T10:49:58+00:00\",\"dateModified\":\"2023-12-13T09:33:17+00:00\",\"mainEntityOfPage\":{\"@id\":\"http:\\\/\\\/raumsequenz.de\\\/category\\\/aktuell\\\/selberbauen\\\/\"},\"wordCount\":48,\"publisher\":{\"@id\":\"http:\\\/\\\/raumsequenz.de\\\/category\\\/aktuell\\\/#organization\"},\"image\":{\"@id\":\"http:\\\/\\\/raumsequenz.de\\\/category\\\/aktuell\\\/selberbauen\\\/#primaryimage\"},\"thumbnailUrl\":\"http:\\\/\\\/raumsequenz.de\\\/wp-content\\\/uploads\\\/2021\\\/03\\\/95185619-D2E2-4CA6-85FF-41F639EAF0D9_1_201_a-scaled.jpeg\",\"keywords\":[\"architektur\",\"memmingen\",\"memmingenarchitekt\"],\"articleSection\":[\"aktuell\",\"architektur\"],\"inLanguage\":\"de\"},{\"@type\":\"WebPage\",\"@id\":\"http:\\\/\\\/raumsequenz.de\\\/category\\\/aktuell\\\/selberbauen\\\/\",\"url\":\"http:\\\/\\\/raumsequenz.de\\\/category\\\/aktuell\\\/selberbauen\\\/\",\"name\":\"selberbauen! - raumsequenz.de\",\"isPartOf\":{\"@id\":\"http:\\\/\\\/raumsequenz.de\\\/category\\\/aktuell\\\/#website\"},\"primaryImageOfPage\":{\"@id\":\"http:\\\/\\\/raumsequenz.de\\\/category\\\/aktuell\\\/selberbauen\\\/#primaryimage\"},\"image\":{\"@id\":\"http:\\\/\\\/raumsequenz.de\\\/category\\\/aktuell\\\/selberbauen\\\/#primaryimage\"},\"thumbnailUrl\":\"http:\\\/\\\/raumsequenz.de\\\/wp-content\\\/uploads\\\/2021\\\/03\\\/95185619-D2E2-4CA6-85FF-41F639EAF0D9_1_201_a-scaled.jpeg\",\"datePublished\":\"2021-03-04T10:49:58+00:00\",\"dateModified\":\"2023-12-13T09:33:17+00:00\",\"description\":\"b\u00fcro f\u00fcr architektur und stadtplanung in memmingen\",\"breadcrumb\":{\"@id\":\"http:\\\/\\\/raumsequenz.de\\\/category\\\/aktuell\\\/selberbauen\\\/#breadcrumb\"},\"inLanguage\":\"de\",\"potentialAction\":[{\"@type\":\"ReadAction\",\"target\":[\"http:\\\/\\\/raumsequenz.de\\\/category\\\/aktuell\\\/selberbauen\\\/\"]}]},{\"@type\":\"ImageObject\",\"inLanguage\":\"de\",\"@id\":\"http:\\\/\\\/raumsequenz.de\\\/category\\\/aktuell\\\/selberbauen\\\/#primaryimage\",\"url\":\"http:\\\/\\\/raumsequenz.de\\\/wp-content\\\/uploads\\\/2021\\\/03\\\/95185619-D2E2-4CA6-85FF-41F639EAF0D9_1_201_a-scaled.jpeg\",\"contentUrl\":\"http:\\\/\\\/raumsequenz.de\\\/wp-content\\\/uploads\\\/2021\\\/03\\\/95185619-D2E2-4CA6-85FF-41F639EAF0D9_1_201_a-scaled.jpeg\",\"width\":2560,\"height\":1584},{\"@type\":\"BreadcrumbList\",\"@id\":\"http:\\\/\\\/raumsequenz.de\\\/category\\\/aktuell\\\/selberbauen\\\/#breadcrumb\",\"itemListElement\":[{\"@type\":\"ListItem\",\"position\":1,\"name\":\"Startseite\",\"item\":\"http:\\\/\\\/raumsequenz.de\\\/category\\\/aktuell\\\/\"},{\"@type\":\"ListItem\",\"position\":2,\"name\":\"selberbauen!\"}]},{\"@type\":\"WebSite\",\"@id\":\"http:\\\/\\\/raumsequenz.de\\\/category\\\/aktuell\\\/#website\",\"url\":\"http:\\\/\\\/raumsequenz.de\\\/category\\\/aktuell\\\/\",\"name\":\"raumsequenz.de\",\"description\":\"\",\"publisher\":{\"@id\":\"http:\\\/\\\/raumsequenz.de\\\/category\\\/aktuell\\\/#organization\"},\"potentialAction\":[{\"@type\":\"SearchAction\",\"target\":{\"@type\":\"EntryPoint\",\"urlTemplate\":\"http:\\\/\\\/raumsequenz.de\\\/category\\\/aktuell\\\/?s={search_term_string}\"},\"query-input\":{\"@type\":\"PropertyValueSpecification\",\"valueRequired\":true,\"valueName\":\"search_term_string\"}}],\"inLanguage\":\"de\"},{\"@type\":\"Organization\",\"@id\":\"http:\\\/\\\/raumsequenz.de\\\/category\\\/aktuell\\\/#organization\",\"name\":\"raumsequenz\",\"url\":\"http:\\\/\\\/raumsequenz.de\\\/category\\\/aktuell\\\/\",\"logo\":{\"@type\":\"ImageObject\",\"inLanguage\":\"de\",\"@id\":\"http:\\\/\\\/raumsequenz.de\\\/category\\\/aktuell\\\/#\\\/schema\\\/logo\\\/image\\\/\",\"url\":\"http:\\\/\\\/raumsequenz.de\\\/wp-content\\\/uploads\\\/2019\\\/01\\\/logo_.jpg\",\"contentUrl\":\"http:\\\/\\\/raumsequenz.de\\\/wp-content\\\/uploads\\\/2019\\\/01\\\/logo_.jpg\",\"width\":300,\"height\":65,\"caption\":\"raumsequenz\"},\"image\":{\"@id\":\"http:\\\/\\\/raumsequenz.de\\\/category\\\/aktuell\\\/#\\\/schema\\\/logo\\\/image\\\/\"}},{\"@type\":\"Person\",\"@id\":\"http:\\\/\\\/raumsequenz.de\\\/category\\\/aktuell\\\/#\\\/schema\\\/person\\\/e06153d63a8e6ce6bb8f8f05311571a2\",\"name\":\"raumsequenz\",\"image\":{\"@type\":\"ImageObject\",\"inLanguage\":\"de\",\"@id\":\"https:\\\/\\\/secure.gravatar.com\\\/avatar\\\/49f1a72854cc8cde77bb583d3adff3fa5ffe8da2ddcab726c5c2163c60cd7120?s=96&d=mm&r=g\",\"url\":\"https:\\\/\\\/secure.gravatar.com\\\/avatar\\\/49f1a72854cc8cde77bb583d3adff3fa5ffe8da2ddcab726c5c2163c60cd7120?s=96&d=mm&r=g\",\"contentUrl\":\"https:\\\/\\\/secure.gravatar.com\\\/avatar\\\/49f1a72854cc8cde77bb583d3adff3fa5ffe8da2ddcab726c5c2163c60cd7120?s=96&d=mm&r=g\",\"caption\":\"raumsequenz\"},\"url\":\"http:\\\/\\\/raumsequenz.de\\\/category\\\/aktuell\\\/author\\\/raumsequenz\\\/\"}]}<\/script>\n<!-- \/ Yoast SEO plugin. -->","yoast_head_json":{"title":"selberbauen! - raumsequenz.de","description":"b\u00fcro f\u00fcr architektur und stadtplanung in memmingen","robots":{"index":"index","follow":"follow","max-snippet":"max-snippet:-1","max-image-preview":"max-image-preview:large","max-video-preview":"max-video-preview:-1"},"canonical":"http:\/\/raumsequenz.de\/category\/aktuell\/selberbauen\/","og_locale":"de_DE","og_type":"article","og_title":"selberbauen! - raumsequenz.de","og_description":"b\u00fcro f\u00fcr architektur und stadtplanung in memmingen","og_url":"http:\/\/raumsequenz.de\/category\/aktuell\/selberbauen\/","og_site_name":"raumsequenz.de","article_published_time":"2021-03-04T10:49:58+00:00","article_modified_time":"2023-12-13T09:33:17+00:00","og_image":[{"width":2560,"height":1584,"url":"http:\/\/raumsequenz.de\/wp-content\/uploads\/2021\/03\/95185619-D2E2-4CA6-85FF-41F639EAF0D9_1_201_a-scaled.jpeg","type":"image\/jpeg"}],"author":"raumsequenz","twitter_card":"summary_large_image","twitter_misc":{"Verfasst von":"raumsequenz","Gesch\u00e4tzte Lesezeit":"1\u00a0Minute"},"schema":{"@context":"https:\/\/schema.org","@graph":[{"@type":"Article","@id":"http:\/\/raumsequenz.de\/category\/aktuell\/selberbauen\/#article","isPartOf":{"@id":"http:\/\/raumsequenz.de\/category\/aktuell\/selberbauen\/"},"author":{"name":"raumsequenz","@id":"http:\/\/raumsequenz.de\/category\/aktuell\/#\/schema\/person\/e06153d63a8e6ce6bb8f8f05311571a2"},"headline":"selberbauen!","datePublished":"2021-03-04T10:49:58+00:00","dateModified":"2023-12-13T09:33:17+00:00","mainEntityOfPage":{"@id":"http:\/\/raumsequenz.de\/category\/aktuell\/selberbauen\/"},"wordCount":48,"publisher":{"@id":"http:\/\/raumsequenz.de\/category\/aktuell\/#organization"},"image":{"@id":"http:\/\/raumsequenz.de\/category\/aktuell\/selberbauen\/#primaryimage"},"thumbnailUrl":"http:\/\/raumsequenz.de\/wp-content\/uploads\/2021\/03\/95185619-D2E2-4CA6-85FF-41F639EAF0D9_1_201_a-scaled.jpeg","keywords":["architektur","memmingen","memmingenarchitekt"],"articleSection":["aktuell","architektur"],"inLanguage":"de"},{"@type":"WebPage","@id":"http:\/\/raumsequenz.de\/category\/aktuell\/selberbauen\/","url":"http:\/\/raumsequenz.de\/category\/aktuell\/selberbauen\/","name":"selberbauen! - raumsequenz.de","isPartOf":{"@id":"http:\/\/raumsequenz.de\/category\/aktuell\/#website"},"primaryImageOfPage":{"@id":"http:\/\/raumsequenz.de\/category\/aktuell\/selberbauen\/#primaryimage"},"image":{"@id":"http:\/\/raumsequenz.de\/category\/aktuell\/selberbauen\/#primaryimage"},"thumbnailUrl":"http:\/\/raumsequenz.de\/wp-content\/uploads\/2021\/03\/95185619-D2E2-4CA6-85FF-41F639EAF0D9_1_201_a-scaled.jpeg","datePublished":"2021-03-04T10:49:58+00:00","dateModified":"2023-12-13T09:33:17+00:00","description":"b\u00fcro f\u00fcr architektur und stadtplanung in memmingen","breadcrumb":{"@id":"http:\/\/raumsequenz.de\/category\/aktuell\/selberbauen\/#breadcrumb"},"inLanguage":"de","potentialAction":[{"@type":"ReadAction","target":["http:\/\/raumsequenz.de\/category\/aktuell\/selberbauen\/"]}]},{"@type":"ImageObject","inLanguage":"de","@id":"http:\/\/raumsequenz.de\/category\/aktuell\/selberbauen\/#primaryimage","url":"http:\/\/raumsequenz.de\/wp-content\/uploads\/2021\/03\/95185619-D2E2-4CA6-85FF-41F639EAF0D9_1_201_a-scaled.jpeg","contentUrl":"http:\/\/raumsequenz.de\/wp-content\/uploads\/2021\/03\/95185619-D2E2-4CA6-85FF-41F639EAF0D9_1_201_a-scaled.jpeg","width":2560,"height":1584},{"@type":"BreadcrumbList","@id":"http:\/\/raumsequenz.de\/category\/aktuell\/selberbauen\/#breadcrumb","itemListElement":[{"@type":"ListItem","position":1,"name":"Startseite","item":"http:\/\/raumsequenz.de\/category\/aktuell\/"},{"@type":"ListItem","position":2,"name":"selberbauen!"}]},{"@type":"WebSite","@id":"http:\/\/raumsequenz.de\/category\/aktuell\/#website","url":"http:\/\/raumsequenz.de\/category\/aktuell\/","name":"raumsequenz.de","description":"","publisher":{"@id":"http:\/\/raumsequenz.de\/category\/aktuell\/#organization"},"potentialAction":[{"@type":"SearchAction","target":{"@type":"EntryPoint","urlTemplate":"http:\/\/raumsequenz.de\/category\/aktuell\/?s={search_term_string}"},"query-input":{"@type":"PropertyValueSpecification","valueRequired":true,"valueName":"search_term_string"}}],"inLanguage":"de"},{"@type":"Organization","@id":"http:\/\/raumsequenz.de\/category\/aktuell\/#organization","name":"raumsequenz","url":"http:\/\/raumsequenz.de\/category\/aktuell\/","logo":{"@type":"ImageObject","inLanguage":"de","@id":"http:\/\/raumsequenz.de\/category\/aktuell\/#\/schema\/logo\/image\/","url":"http:\/\/raumsequenz.de\/wp-content\/uploads\/2019\/01\/logo_.jpg","contentUrl":"http:\/\/raumsequenz.de\/wp-content\/uploads\/2019\/01\/logo_.jpg","width":300,"height":65,"caption":"raumsequenz"},"image":{"@id":"http:\/\/raumsequenz.de\/category\/aktuell\/#\/schema\/logo\/image\/"}},{"@type":"Person","@id":"http:\/\/raumsequenz.de\/category\/aktuell\/#\/schema\/person\/e06153d63a8e6ce6bb8f8f05311571a2","name":"raumsequenz","image":{"@type":"ImageObject","inLanguage":"de","@id":"https:\/\/secure.gravatar.com\/avatar\/49f1a72854cc8cde77bb583d3adff3fa5ffe8da2ddcab726c5c2163c60cd7120?s=96&d=mm&r=g","url":"https:\/\/secure.gravatar.com\/avatar\/49f1a72854cc8cde77bb583d3adff3fa5ffe8da2ddcab726c5c2163c60cd7120?s=96&d=mm&r=g","contentUrl":"https:\/\/secure.gravatar.com\/avatar\/49f1a72854cc8cde77bb583d3adff3fa5ffe8da2ddcab726c5c2163c60cd7120?s=96&d=mm&r=g","caption":"raumsequenz"},"url":"http:\/\/raumsequenz.de\/category\/aktuell\/author\/raumsequenz\/"}]}},"_links":{"self":[{"href":"http:\/\/raumsequenz.de\/category\/aktuell\/wp-json\/wp\/v2\/posts\/1331","targetHints":{"allow":["GET"]}}],"collection":[{"href":"http:\/\/raumsequenz.de\/category\/aktuell\/wp-json\/wp\/v2\/posts"}],"about":[{"href":"http:\/\/raumsequenz.de\/category\/aktuell\/wp-json\/wp\/v2\/types\/post"}],"author":[{"embeddable":true,"href":"http:\/\/raumsequenz.de\/category\/aktuell\/wp-json\/wp\/v2\/users\/1"}],"replies":[{"embeddable":true,"href":"http:\/\/raumsequenz.de\/category\/aktuell\/wp-json\/wp\/v2\/comments?post=1331"}],"version-history":[{"count":9,"href":"http:\/\/raumsequenz.de\/category\/aktuell\/wp-json\/wp\/v2\/posts\/1331\/revisions"}],"predecessor-version":[{"id":1731,"href":"http:\/\/raumsequenz.de\/category\/aktuell\/wp-json\/wp\/v2\/posts\/1331\/revisions\/1731"}],"wp:featuredmedia":[{"embeddable":true,"href":"http:\/\/raumsequenz.de\/category\/aktuell\/wp-json\/wp\/v2\/media\/1333"}],"wp:attachment":[{"href":"http:\/\/raumsequenz.de\/category\/aktuell\/wp-json\/wp\/v2\/media?parent=1331"}],"wp:term":[{"taxonomy":"category","embeddable":true,"href":"http:\/\/raumsequenz.de\/category\/aktuell\/wp-json\/wp\/v2\/categories?post=1331"},{"taxonomy":"post_tag","embeddable":true,"href":"http:\/\/raumsequenz.de\/category\/aktuell\/wp-json\/wp\/v2\/tags?post=1331"}],"curies":[{"name":"wp","href":"https:\/\/api.w.org\/{rel}","templated":true}]}}